{"id":461,"date":"2019-06-07T09:48:29","date_gmt":"2019-06-07T06:48:29","guid":{"rendered":"http:\/\/yesimcim.com\/yesblog\/?p=461"},"modified":"2024-01-03T00:12:43","modified_gmt":"2024-01-02T21:12:43","slug":"vurucu-bolum-15","status":"publish","type":"post","link":"https:\/\/yesimcim.com\/wp\/vurucu\/vurucu-bolum-15\/","title":{"rendered":"Vurucu B\u00f6l\u00fcm 15"},"content":{"rendered":"<div class=\"row\"><select onchange=\"document.location=this.value;\"\n            class=\"form-control pull-right\" style=\"background:#d7fcef; color:black; width:auto; min-width:200px; margin-right:20px;\">\n            <option value=\"https:\/\/yesimcim.com\/wp\/vurucu\/vurucu-bolum-1\/\" >Vurucu B\u00f6l\u00fcm 1<\/option><option value=\"https:\/\/yesimcim.com\/wp\/vurucu\/vurucu-bolum-2\/\" >Vurucu B\u00f6l\u00fcm 2<\/option><option value=\"https:\/\/yesimcim.com\/wp\/vurucu\/vurucu-bolum-3\/\" >Vurucu B\u00f6l\u00fcm 3<\/option><option value=\"https:\/\/yesimcim.com\/wp\/vurucu\/vurucu-bolum-4\/\" >Vurucu B\u00f6l\u00fcm 4<\/option><option value=\"https:\/\/yesimcim.com\/wp\/vurucu\/vurucu-bolum-5\/\" >Vurucu B\u00f6l\u00fcm 5<\/option><option value=\"https:\/\/yesimcim.com\/wp\/vurucu\/vurucu-bolum-6\/\" >Vurucu B\u00f6l\u00fcm 6<\/option><option value=\"https:\/\/yesimcim.com\/wp\/vurucu\/vurucu-bolum-7\/\" >Vurucu B\u00f6l\u00fcm 7<\/option><option value=\"https:\/\/yesimcim.com\/wp\/vurucu\/vurucu-bolum-8\/\" >Vurucu B\u00f6l\u00fcm 8<\/option><option value=\"https:\/\/yesimcim.com\/wp\/vurucu\/vurucu-bolum-9\/\" >Vurucu B\u00f6l\u00fcm 9<\/option><option value=\"https:\/\/yesimcim.com\/wp\/vurucu\/vurucu-bolum-10\/\" >Vurucu B\u00f6l\u00fcm 10<\/option><option value=\"https:\/\/yesimcim.com\/wp\/vurucu\/vurucu-bolum-11\/\" >Vurucu B\u00f6l\u00fcm 11<\/option><option value=\"https:\/\/yesimcim.com\/wp\/vurucu\/vurucu-bolum-12\/\" >Vurucu B\u00f6l\u00fcm 12<\/option><option value=\"https:\/\/yesimcim.com\/wp\/vurucu\/vurucu-bolum-13\/\" >Vurucu B\u00f6l\u00fcm 13<\/option><option value=\"https:\/\/yesimcim.com\/wp\/vurucu\/vurucu-bolum-14\/\" >Vurucu B\u00f6l\u00fcm 14<\/option><option value=\"https:\/\/yesimcim.com\/wp\/vurucu\/vurucu-bolum-15\/\"  selected >Vurucu B\u00f6l\u00fcm 15<\/option><option value=\"https:\/\/yesimcim.com\/wp\/vurucu\/vurucu-bolum-16\/\" >Vurucu b\u00f6l\u00fcm 16<\/option><option value=\"https:\/\/yesimcim.com\/wp\/vurucu\/vurucu-bolum-17\/\" >Vurucu B\u00f6l\u00fcm 17<\/option><option value=\"https:\/\/yesimcim.com\/wp\/vurucu\/vurucu-bolum-18\/\" >Vurucu B\u00f6l\u00fcm 18<\/option><option value=\"https:\/\/yesimcim.com\/wp\/vurucu\/vurucu-bolum-19\/\" >Vurucu B\u00f6l\u00fcm 19<\/option><option value=\"https:\/\/yesimcim.com\/wp\/vurucu\/vurucu-bolum-20\/\" >Vurucu B\u00f6l\u00fcm 20<\/option><option value=\"https:\/\/yesimcim.com\/wp\/vurucu\/vurucu-bolum-21\/\" >Vurucu B\u00f6l\u00fcm 21<\/option><option value=\"https:\/\/yesimcim.com\/wp\/vurucu\/vurucu-bolum-22\/\" >Vurucu B\u00f6l\u00fcm 22<\/option><option value=\"https:\/\/yesimcim.com\/wp\/vurucu\/vurucu-bolum-23\/\" >Vurucu B\u00f6l\u00fcm 23<\/option><option value=\"https:\/\/yesimcim.com\/wp\/vurucu\/vurucu-bolum-24\/\" >Vurucu B\u00f6l\u00fcm 24<\/option><option value=\"https:\/\/yesimcim.com\/wp\/vurucu\/vurucu-bolum-25\/\" >Vurucu B\u00f6l\u00fcm 25<\/option><option value=\"https:\/\/yesimcim.com\/wp\/vurucu\/vurucu-bolum-26\/\" >Vurucu B\u00f6l\u00fcm 26<\/option><option value=\"https:\/\/yesimcim.com\/wp\/vurucu\/vurucu-bolum-27\/\" >Vurucu B\u00f6l\u00fcm 27<\/option><option value=\"https:\/\/yesimcim.com\/wp\/vurucu\/vurucu-bolum-28\/\" >Vurucu B\u00f6l\u00fcm 28<\/option><option value=\"https:\/\/yesimcim.com\/wp\/vurucu\/vurucu-bolum-29\/\" >Vurucu B\u00f6l\u00fcm 29<\/option><option value=\"https:\/\/yesimcim.com\/wp\/vurucu\/vurucu-bolum-30\/\" >Vurucu B\u00f6l\u00fcm 30<\/option><option value=\"https:\/\/yesimcim.com\/wp\/vurucu\/vurucu-bolum-31\/\" >Vurucu B\u00f6l\u00fcm 31<\/option><option value=\"https:\/\/yesimcim.com\/wp\/vurucu\/vurucu-bolum-32\/\" >Vurucu B\u00f6l\u00fcm 32<\/option><option value=\"https:\/\/yesimcim.com\/wp\/vurucu\/vurucu-bolum-33\/\" >Vurucu B\u00f6l\u00fcm 33<\/option><option value=\"https:\/\/yesimcim.com\/wp\/vurucu\/vurucu-bolum-34\/\" >Vurucu B\u00f6l\u00fcm 34<\/option><option value=\"https:\/\/yesimcim.com\/wp\/vurucu\/vurucu-bolum-35\/\" >Vurucu B\u00f6l\u00fcm 35<\/option><option value=\"https:\/\/yesimcim.com\/wp\/vurucu\/vurucu-bolum-36\/\" >Vurucu B\u00f6l\u00fcm 36<\/option><option value=\"https:\/\/yesimcim.com\/wp\/vurucu\/vurucu-bolum-37\/\" >Vurucu B\u00f6l\u00fcm 37<\/option><option value=\"https:\/\/yesimcim.com\/wp\/vurucu\/vurucu-bolum-38\/\" >Vurucu B\u00f6l\u00fcm 38<\/option><option value=\"https:\/\/yesimcim.com\/wp\/vurucu\/vurucu-bolum-39\/\" >Vurucu B\u00f6l\u00fcm 39<\/option><option value=\"https:\/\/yesimcim.com\/wp\/vurucu\/vurucu-bolum-40\/\" >Vurucu B\u00f6l\u00fcm 40<\/option><option value=\"https:\/\/yesimcim.com\/wp\/vurucu\/vurucu-bolum-41\/\" >Vurucu B\u00f6l\u00fcm 41<\/option><option value=\"https:\/\/yesimcim.com\/wp\/vurucu\/vurucu-bolum-42\/\" >Vurucu B\u00f6l\u00fcm 42<\/option><option value=\"https:\/\/yesimcim.com\/wp\/vurucu\/vurucu-bolum-43\/\" >Vurucu B\u00f6l\u00fcm 43<\/option><option value=\"https:\/\/yesimcim.com\/wp\/vurucu\/vurucu-bolum-44\/\" >Vurucu B\u00f6l\u00fcm 44<\/option><option value=\"https:\/\/yesimcim.com\/wp\/vurucu\/vurucu-bolum-45\/\" >Vurucu B\u00f6l\u00fcm 45<\/option><option value=\"https:\/\/yesimcim.com\/wp\/vurucu\/vurucu-bolum-46\/\" >Vurucu B\u00f6l\u00fcm 46<\/option><option value=\"https:\/\/yesimcim.com\/wp\/vurucu\/vurucu-bolum-47\/\" >Vurucu B\u00f6l\u00fcm 47<\/option><option value=\"https:\/\/yesimcim.com\/wp\/vurucu\/vurucu-bolum-48\/\" >Vurucu B\u00f6l\u00fcm 48<\/option><option value=\"https:\/\/yesimcim.com\/wp\/vurucu\/vurucu-bolum-49\/\" >Vurucu B\u00f6l\u00fcm 49<\/option><\/select><\/div>\n\n\n\n<h3 class=\"wp-block-heading\" id=\"dorduncu-kat\">[D\u00f6rd\u00fcnc\u00fc kat]<\/h3>\n\n\n\n<p>Herkes bir \u015feylerin pe\u015finde ya\u015fam\u0131n\u0131 s\u00fcrd\u00fcr\u00fcyordu. Para,\nseks, a\u015fk, g\u00fc\u00e7, \u015f\u00f6hret\u2026 Mutlu olanlar vard\u0131, bedbaht olanlar\u2026 Bo\u015f vermi\u015fler\u2026\nVazge\u00e7mi\u015fler\u2026 Ama hepsi de kimi kap\u0131lar\u0131n ard\u0131ndaki ger\u00e7ek duygunun ac\u0131 ve\nkorku oldu\u011funu bilirdi. <\/p>\n\n\n\n<p>Atam \u00dcniversitesi T\u0131p Fak\u00fcltesi Hastanesi o kap\u0131lardan\nbiriydi. \u0130\u00e7eri girenler\u2026 \u00e7\u0131kanlar\u2026 Elinde dosyalarla sa\u011fa sola ko\u015fanlar\u2026\n\u00c7i\u00e7ek\u00e7iler\u2026 B\u00f6rek\u00e7iler\u2026 Ve park yerinde bir arabada son \u00fc\u00e7 saattir cesaretini\ntoplamaya \u00e7al\u0131\u015fanlar\u2026 <\/p>\n\n\n\n<p>Reha direksiyondayd\u0131, Alp yanda. Reha Alp\u2019i bekliyordu,\nAlp ise korkudan hi\u00e7bir kas\u0131na h\u00fckmedemiyor, bedenine s\u00f6z ge\u00e7iremiyordu.<\/p>\n\n\n\n<p>\u201cAlp. Hadi art\u0131k.\u201d<\/p>\n\n\n\n<p>Derin nefesler ald\u0131 adam. \u201cKa\u00e7\u0131nc\u0131 katt\u0131?\u201d<\/p>\n\n\n\n<p>\u201cD\u00f6rt. 428 numaral\u0131 oda.\u201d<\/p>\n\n\n\n<p>\u201cTamam.\u201d<\/p>\n\n\n\n<p><em>Tamam.<\/em><\/p>\n\n\n\n<p>\u201cSu versene bir tane daha.\u201d<\/p>\n\n\n\n<p>Verdi Reha. Sanki deminden beri litrelerce su i\u00e7memi\u015f\ngibi bir \u015fi\u015fe suyu daha dikti kafas\u0131na Alp. <\/p>\n\n\n\n<p>\u201cYo\u011fun bak\u0131ma giremiyor muyuz?\u201d<\/p>\n\n\n\n<p>\u201cYasak oraya girmek.\u201d<\/p>\n\n\n\n<p>\u201cPeki.\u201d<\/p>\n\n\n\n<p>Durmaks\u0131z\u0131n terliyor, durmaks\u0131z\u0131n kuruyordu. <\/p>\n\n\n\n<p>\u201c\u00d6nce bir tuvalet bulmam gerek.\u201d<\/p>\n\n\n\n<p>\u201cGiri\u015fte var. Sola d\u00f6n\u00fcp d\u00fcz gidince.\u201d<\/p>\n\n\n\n<p>\u201cTamam.\u201d<\/p>\n\n\n\n<p><em>Tamam.<\/em><\/p>\n\n\n\n<p>\u201cBabas\u0131 m\u0131ym\u0131\u015f odadaki?\u201d<\/p>\n\n\n\n<p>\u201c\u00d6yle diyor Cemal.\u201d<\/p>\n\n\n\n<p>\u201cTamam.\u201d<\/p>\n\n\n\n<p><em>Tamam.<\/em><\/p>\n\n\n\n<p>\u201cGidiyorum.\u201d<\/p>\n\n\n\n<p><em>Git Alp. Git art\u0131k. Gidemeden\n\u00f6leceksin burada!<\/em><\/p>\n\n\n\n<p>\u00c7\u0131kt\u0131 arabadan sonunda Alp Kalayc\u0131. Hi\u00e7 bu kadar yaln\u0131z,\nbu kadar korku dolu g\u00f6r\u00fcnmemi\u015fti Reha\u2019n\u0131n g\u00f6z\u00fcne. Reha da korkuyordu ama Alp\ni\u00e7indi onun korkusu. Merdivenlerden yukar\u0131 \u00e7\u0131k\u0131p i\u00e7eri girmesini bekledikten\nsonra o da gitti pe\u015finden. Uzaktan kollayacakt\u0131 onu. Alp, kendini koruma\nyetisine sahip de\u011fildi \u015fu an. <\/p>\n\n\n\n<p>Tuvalette de bir yar\u0131m saat sakland\u0131ktan sonra \u00e7\u0131kt\u0131\ngen\u00e7 adam. Galiba art\u0131k ka\u00e7acak yeri kalmam\u0131\u015ft\u0131. Asans\u00f6r\u00fc es ge\u00e7ip merdivenlere\ny\u00f6neldi. D\u00f6rd\u00fcnc\u00fc kat\u0131n kap\u0131s\u0131n\u0131 itip i\u00e7eri girdi. N\u00f6roloji. Oda numaralar\u0131na\nbakarak y\u00fcr\u00fcd\u00fc. Sonunda, 428 numaral\u0131 odan\u0131n kap\u0131s\u0131nda durdu. Kap\u0131 a\u00e7\u0131kt\u0131. <\/p>\n\n\n\n<p>Amerikan futbolunda topun havada s\u00fcz\u00fcl\u00fcp oyuncunun\nkuca\u011f\u0131na d\u00fc\u015fmesi kadar \u015fiirsel bir hamleyle Burak\u2019\u0131n Alp\u2019e u\u00e7u\u015funu g\u00f6rd\u00fc Reha.\nAlp yere y\u0131k\u0131ld\u0131, Burak \u00fcst\u00fcne\u2026 Alp durdu, Burak vurdu. Alp bakt\u0131, Burak vurdu.\nReha yakla\u015ft\u0131. \u0130\u00e7erideki adam d\u0131\u015far\u0131 \u00e7\u0131kt\u0131. Alp bakt\u0131. Burak durdu. Adam durdu.\nReha durdu.<\/p>\n\n\n\n<p>S\u00fcreyya Ural, Ziya Bey\u2019in ya\u015flar\u0131nda ama yak\u0131\u015f\u0131kl\u0131dan\n\u00e7ok karizmatik olarak tan\u0131mlanabilecek bir adamd\u0131. \u015ei\u015fman de\u011fildi. Ya\u011fl\u0131\nde\u011fildi. K\u0131sa de\u011fildi. Cildi bozuk de\u011fildi. \u00c7irkin de\u011fildi. Burnu e\u011fri de\u011fildi.\nKemikleri iri de\u011fildi. G\u00f6bekli de\u011fildi. Omuzlar\u0131 d\u00fc\u015f\u00fck ya da bacaklar\u0131 k\u0131sa\nde\u011fildi. Onu karizmatikten daha da iyi yans\u0131tabilecek kelime, asil olabilirdi. Evet,\nS\u00fcreyya Ural bir asildi ve Reha, hayat\u0131 boyunca ilk kez bir adam\u0131n tarz\u0131na\nimrendi.<\/p>\n\n\n\n<p>\u201cO pi\u00e7 bu i\u015fte!\u201d<\/p>\n\n\n\n<p>\u00d6fkeyle kaskat\u0131 kesilmi\u015f olan Burak \u00d6zer, Alp\u2019in\n\u00fczerinde onu par\u00e7alamak i\u00e7in sahibinden emir bekleyen bir Doberman kadar\ntetikteydi. Soluklar\u0131 d\u00fczensiz, yak\u0131c\u0131yd\u0131. \u00d6fke doluydu. Alp\u2019i sadece g\u00f6rmenin\nbile onu sinirden titretti\u011fi belli oluyordu. \u00dcstelik \u015fu an sarho\u015f da de\u011fildi. Burak\n\u00d6zer Alp Kalayc\u0131\u2019y\u0131 yok etmekten ba\u015fka hi\u00e7bir \u015fey istemiyordu.<\/p>\n\n\n\n<p>O pi\u00e7 bu\u2026 S\u00fcreyya Ural\u2019\u0131n canl\u0131l\u0131\u011f\u0131n\u0131 yitirmi\u015f olan gri-mavi\ng\u00f6zleri Alp\u2019e sabitlendi. Sanki Alp\u2019e Naz bak\u0131yordu. Ama k\u0131r\u0131k bak\u0131yordu.\nSanki\u2026 K\u0131ymetlisini elinden alm\u0131\u015f olan adama bakar gibi bak\u0131yordu. Hi\u00e7bir\nmahkeme b\u00f6ylesi bir yarg\u0131lama ger\u00e7ekle\u015ftiremezdi. Alp ne yapt\u0131\u011f\u0131n\u0131 bilmese de\nsu\u00e7lu oldu\u011funu bilmi\u015fti. Naz\u2019a benzeyen o g\u00f6zler Alp\u2019e sitemini Naz yerine etmi\u015fti.<\/p>\n\n\n\n<p>Daha fazla bakmaya tahamm\u00fcl edemezmi\u015f gibi arkas\u0131n\u0131 d\u00f6n\u00fcp\ngiden adam \u201cB\u0131rak onu.\u201d dedi. Burak \u00fczerinden kalk\u0131p odaya girdi ve kap\u0131 arkalar\u0131ndan\nkapand\u0131.<\/p>\n\n\n\n<p>Ziya Kalayc\u0131 d\u00e2hil kimse can\u0131n\u0131 bu kadar yakamam\u0131\u015f,\nAlp\u2019e kendisini bu kadar de\u011fersiz hissettirememi\u015fti. O a\u015fa\u011f\u0131l\u0131kt\u0131. O y\u00fcz\u00fcne\nbak\u0131lmaya, yan\u0131nda durulmaya, ya\u015fad\u0131\u011f\u0131 fark edilmeye de\u011fmezdi. O bir b\u00f6cekti. O\nkadar b\u00f6cekti ki ezilmeye bile de\u011fmezdi.<\/p>\n\n\n\n<p>\u201cKalk art\u0131k,\u201d diyen Reha\u2019y\u0131 duyana kadar orada \u00f6yle\nyat\u0131p a\u011flamakta oldu\u011funu bilemedi. Ses yoktu. H\u0131\u00e7k\u0131r\u0131k yoktu. Sadece g\u00f6zya\u015f\u0131.\n\u00d6yle yaln\u0131z\u2026 bir ba\u015f\u0131na ak\u0131yorlard\u0131 ki. Reha Alp i\u00e7in a\u011flamak istedi.<\/p>\n\n\n\n<p>Oyalanman\u0131n anlam\u0131 yoktu. Bir \u015fey yapmal\u0131yd\u0131. Asans\u00f6rlere\nyak\u0131n banklara y\u00fcr\u00fcy\u00fcp Alp\u2019i oraya oturttu. Naz yo\u011fun bak\u0131mdayd\u0131. Oraya gitse\nde kimse ona bilgi vermezdi. Dan\u0131\u015fmaya gitse\u2026 Hasta yak\u0131n\u0131 de\u011fildi ki.\nG\u00fcnahlar\u0131n\u0131 vermezlerdi. <\/p>\n\n\n\n<p>Yanlar\u0131ndan ge\u00e7en hem\u015firelerin ilgisiz bak\u0131\u015flar\u0131 Alp\u2019i\nyakalad\u0131\u011f\u0131nda bir duraklama ge\u00e7iriyor sonra yola devam ediyorlard\u0131. Yar\u0131m saat\nsonra hem\u015fire odas\u0131ndaki herkesin Alp\u2019ten haberi olmu\u015ftu. \u00c7\u0131k\u0131p \u00e7\u0131k\u0131p\nbak\u0131yorlard\u0131. \u201cD\u0131\u015fardaki muhte\u015fem \u015feyi g\u00f6rd\u00fcn m\u00fc?\u201d \u201c\u00c7ok \u00fczg\u00fcn ama ya, hastas\u0131\nkim acaba?\u201d \u201cAy y\u0131k\u0131lm\u0131\u015f adam. Kim ex oldu ki bug\u00fcn?\u201d \u201cBen teselli ederim onu,\ngetirin bana.\u201d Elbette konu\u015fmalar\u0131n\u0131 adamlara duyurmuyorlard\u0131 ama Reha\u2019n\u0131n bu\nilgiyi fark etmemesi m\u00fcmk\u00fcn de\u011fildi. <\/p>\n\n\n\n<p>Bakm\u0131yor gibi g\u00f6r\u00fcnerek hepsini incelemeye ba\u015flad\u0131.\nOnlar i\u00e7in Alp\u2019in pek \u00e7ok ad\u0131 vard\u0131. Hay\u0131rl\u0131 bir k\u0131smet ilk maddeydi. Ama bir\ntane ya\u015f\u0131 b\u00fcy\u00fck olan vard\u0131 ki g\u00f6zlerindeki \u015fefkatte annesini g\u00f6rd\u00fc Reha. Yine\nodalardan birinden geri d\u00f6nerken yakalad\u0131 kad\u0131n\u0131.<\/p>\n\n\n\n<p>\u201cBakar m\u0131s\u0131n\u0131z?\u201d<\/p>\n\n\n\n<p>Zaten merak i\u00e7indeki kad\u0131n g\u00f6n\u00fcll\u00fc olarak durdu yanlar\u0131nda.<\/p>\n\n\n\n<p>\u201cBuyurun?\u201d <\/p>\n\n\n\n<p>\u201cYo\u011fun bak\u0131mda olan bir hasta hakk\u0131nda nas\u0131l bilgi\nedinebiliriz?\u201d<\/p>\n\n\n\n<p>\u201cHasta ismi?\u201d<\/p>\n\n\n\n<p>\u201cNaz Ural.\u201d<\/p>\n\n\n\n<p>Hem\u015firenin bu ad\u0131 bildi\u011fi belliydi. G\u00f6zlerine yerle\u015fen keder\nReha\u2019n\u0131n g\u00f6z\u00fcnden ka\u00e7mad\u0131.<\/p>\n\n\n\n<p>\u201cBabas\u0131 428\u2019de. Akrabaysan\u0131z odaya ge\u00e7in, doktoru\nu\u011frayacak birazdan.\u201d<\/p>\n\n\n\n<p>Alp\u2019in kulaklar\u0131n\u0131n dikili\u015fini ona bakmadan hissetti\nReha. Y\u00fcz\u00fcne ac\u0131kl\u0131 bir bak\u0131\u015f yerle\u015ftirdi.<\/p>\n\n\n\n<p>\u201cArkada\u015f\u0131m,\u201d Alp\u2019e bakt\u0131, kad\u0131n da bakt\u0131, \u201cmaalesef baba\ntaraf\u0131ndan istenmeyen ni\u015fanl\u0131.\u201d<\/p>\n\n\n\n<p>\u015ea\u015fk\u0131nl\u0131k ve merak duygular\u0131 kad\u0131n\u0131n g\u00f6zlerinin i\u00e7indeki\ndans\u0131na ba\u015flad\u0131\u011f\u0131nda Reha konu\u015fmaya devam etti.<\/p>\n\n\n\n<p>\u201cBiraz \u00f6nce gittik yan\u0131na ama Burak isimli \u015fah\u0131s bizi\ni\u00e7eri sokmad\u0131. San\u0131r\u0131m arkada\u015f\u0131m\u0131n ni\u015fanl\u0131s\u0131nda g\u00f6z\u00fc var.\u201c<\/p>\n\n\n\n<p>Kad\u0131n\u0131n a\u011fz\u0131ndan f\u0131rlayan kahkahaya galiba \u00f6nce kendisi\n\u015fa\u015f\u0131rd\u0131. \u201cYok be, o bizim Ate\u015f\u2019teki fizyoterapist.\u201d<\/p>\n\n\n\n<p>Hoba. <\/p>\n\n\n\n<p>\u201cAte\u015f?\u201d<\/p>\n\n\n\n<p>\u201cFizik Tedavi ve Rehabilitasyon Merkezi.\u201d<\/p>\n\n\n\n<p>\u201cHa tamam, ama yine de sokmad\u0131 i\u015fte bizi odaya.\u201d<\/p>\n\n\n\n<p>\u201cBen konu\u015furum onunla. O yavrucak on be\u015f ya\u015f\u0131ndan beri\nonun bak\u0131m\u0131nda.\u201d Sonra ka\u015flar\u0131 \u00e7at\u0131ld\u0131. \u201cNe ara ni\u015fanl\u0131s\u0131 olmu\u015f ki kuzunun o\ndurumda?\u201d \u015e\u00fcphe kad\u0131n\u0131n i\u00e7ine yerle\u015fmeden m\u00fcdahale etmesi gerekiyordu.<\/p>\n\n\n\n<p>\u201cA\u015fk i\u015fte. Bir anda oldu. Kalyon Otel\u2019de. Naz\u2019\u0131n durumunu\narkada\u015f\u0131m hi\u00e7 umursamad\u0131.\u201d Ka\u015flar indi, merakla Alp\u2019e bak\u0131ld\u0131. Y\u00fcze yine o anne\n\u015fefkati h\u00e2kim oldu.<\/p>\n\n\n\n<p>\u201cK\u0131sa bir s\u00fcrede birbirleri i\u00e7in yarat\u0131ld\u0131klar\u0131na karar\nverdiler ve her zorlu\u011fa birlikte g\u00f6\u011f\u00fcs germeye ant i\u00e7tiler.\u201d<\/p>\n\n\n\n<p>Kad\u0131n\u0131n g\u00f6zlerinden ge\u00e7en ifadeler muhte\u015femdi. Sanki\nac\u0131kl\u0131 bir film seyrediyordu.<\/p>\n\n\n\n<p>\u201cT\u00fch t\u00fch t\u00fch, g\u00f6r\u00fcyor musun?\u201d<\/p>\n\n\n\n<p>\u201cNaz arkada\u015f\u0131ma her \u015feyi de s\u00f6ylememi\u015f. Ameliyat\nolaca\u011f\u0131n\u0131 bilmiyordu mesela.\u201d<\/p>\n\n\n\n<p>\u201cVah vah vah.\u201d<\/p>\n\n\n\n<p>\u201c\u0130yile\u015fip d\u00f6nmeyi planlam\u0131\u015f olmal\u0131 ama arkada\u015f\u0131m\ntesad\u00fcfen \u00f6\u011frendi bu ameliyat i\u015fini. Hemen ko\u015ftu hastaneye.\u201d<\/p>\n\n\n\n<p>Bu kez ne vah vard\u0131 ne t\u00fch. Suskun bir keder\u2026 O kadar.<\/p>\n\n\n\n<p>\u201cL\u00fctfen.\u201d<\/p>\n\n\n\n<p>Alp\u2019ti. Sessizce yanlar\u0131na gelmi\u015f, hem\u015fireye\nyalvar\u0131rcas\u0131na bak\u0131yordu.<\/p>\n\n\n\n<p>\u201cL\u00fctfen s\u00f6yleyin. Naz\u2019\u0131n neyi var?\u201d<\/p>\n\n\n\n<p>Hem\u015firenin g\u00f6zleri bir s\u00fcre Alp\u2019in ruhuna s\u00fcz\u00fcld\u00fc.\nBakt\u0131\u2026 G\u00f6rd\u00fc\u2026 \u00dcz\u00fcld\u00fc. <\/p>\n\n\n\n<p>\u201cGelin benimle.\u201d<\/p>\n\n\n\n<p>O \u00f6nde, iki erkek arkada\u2026 Umutlu olmayan bir y\u00fcr\u00fcy\u00fc\u015f sonunda\ni\u00e7inde bir kanepe bir masa bir dolap ve iki sandalye olan bir odaya girdiler.\nAdamlar kanepeye, hem\u015fire masan\u0131n arkas\u0131ndaki sandalyeyi iterek yanlar\u0131na\noturdu. Nereden ba\u015flayaca\u011f\u0131n\u0131 bilmiyordu. Asl\u0131nda hi\u00e7 ba\u015flamak istemedi\u011fi\nhik\u00e2yelerdendi Naz. Ama bu o\u011flan\u2026 Onun bilmeye ihtiyac\u0131 vard\u0131. <\/p>\n\n\n\n<p>\u201cNaz on be\u015f ya\u015f\u0131nda geldi bize. Annesini de kanserden\nkaybettikleri i\u00e7in babas\u0131n\u0131n belirtileri tan\u0131mas\u0131 en b\u00fcy\u00fck \u015fans\u0131yd\u0131.\u201d<\/p>\n\n\n\n<p>Kanser\u2026 Naz kanser mi?<\/p>\n\n\n\n<p>\u201cC5-C7 de kitle saptand\u0131. Ependimom.\u201d<\/p>\n\n\n\n<p>Korku b\u00fct\u00fcn h\u00fccrelerini felce u\u011frat\u0131rken Alp kad\u0131n\u0131\ndurdurdu. \u201cOnlar ne?\u201d<\/p>\n\n\n\n<p>\u201cOmurgada yedi tane boyun omuru var. C5 ve C7, adres\ngibi, bunlar\u0131n hangi omurlar oldu\u011funu anlar\u0131z \u00f6yle. Ependimom da merkezi sinir\nsistemi t\u00fcm\u00f6r\u00fc demek.\u201d<\/p>\n\n\n\n<p>Eliyle uzan\u0131p Alp\u2019in boynunda bir yeri tuttu. \u201c\u0130\u015fte tam burada.\u201d\n<\/p>\n\n\n\n<p>Kad\u0131n elini \u00e7ekti\u011fi an Alp g\u00f6t\u00fcr\u00fcp yoklad\u0131 boynunu.\nSanki anlayacak, sanki anlarsa \u00e7aresini bulacakt\u0131. Naz kanserdi. Naz\u2019\u0131n\nboynunda\u2026 tam burada t\u00fcm\u00f6r vard\u0131. T\u00fcm\u00f6rler al\u0131n\u0131nca ge\u00e7erdi, de\u011fil mi?\n\u0130yile\u015filirdi. Yani bir personel i\u00e7in de g\u00f6\u011f\u00fcs kanseri demi\u015flerdi, t\u00fcm\u00f6r\u00fc\nalm\u0131\u015flard\u0131, kad\u0131n ya\u015famaya devam etmi\u015fti. Yani tamamen iyile\u015filiyordu\u2026 De\u011fil\nmi? Kad\u0131n on sene \u00f6nce ameliyat olmu\u015ftu. \u015eimdi evlenmi\u015fti. \u00c7ocu\u011fu bile vard\u0131.\nDe\u011fil mi? <\/p>\n\n\n\n<p>\u201cGamma Knife tedavisi uyguland\u0131. T\u00fcm\u00f6r\u00fcn b\u00fcy\u00fcmesi durduruldu\nama tabi ki bu, hastan\u0131n normal ya\u015fama sahip olmas\u0131 anlam\u0131na gelmedi. Sadece normale\nbenzetildi. Bacaklarda spastisite nedeniyle bak\u0131m gerekiyordu. Aile tam zamanl\u0131\nbir fizyoterapist ile anla\u015f\u0131p hastan\u0131n ya\u015fam kalitesini iyile\u015ftirmeye \u00e7al\u0131\u015ft\u0131. A\u011fr\u0131\ndayan\u0131lmaz olmad\u0131\u011f\u0131 ya da t\u00fcm\u00f6r b\u00fcy\u00fcmedi\u011fi s\u00fcrece ameliyat yap\u0131lmayacakt\u0131.\n\u00c7\u00fcnk\u00fc hem t\u00fcm\u00f6r tekrarlayabilirdi hem de hasta ameliyatta \u00f6lebilir ya da fel\u00e7\nkalabilirdi.\u201d<\/p>\n\n\n\n<p>Anlamad\u0131\u011f\u0131 kelimeler vard\u0131. Ama zaten anlad\u0131\u011f\u0131 kelime\nyoktu. O y\u00fczden sorup da sonucu \u00f6\u011frenme an\u0131n\u0131 geciktirmek istemedi.<\/p>\n\n\n\n<p>\u201c\u0130ki g\u00fcn \u00f6nce ameliyat\u0131 yap\u0131ld\u0131.\u201d<\/p>\n\n\n\n<p>\u201cHani\u2026 hani yap\u0131lmayacakt\u0131?\u201d<\/p>\n\n\n\n<p>\u201cHasta fikrini de\u011fi\u015ftirdi. Ameliyat \u00e7ok ba\u015far\u0131l\u0131yd\u0131 ama\u2026\u201d<\/p>\n\n\n\n<p>Ama?<\/p>\n\n\n\n<p>\u201cHasta anoksik kald\u0131.\u201d<\/p>\n\n\n\n<p>\u201cAnoksik?\u201d<\/p>\n\n\n\n<p>\u201cBeyin oksijen alamad\u0131.\u201d<\/p>\n\n\n\n<p>\u0130yi de\u011fildi. O iyi bir \u015fey de\u011fildi. Her canl\u0131 oksijene\nihtiya\u00e7 duyard\u0131. \u201cYani?\u201d<\/p>\n\n\n\n<p>\u201cOksijensiz kalmak beyinde hasara neden oldu. \u015eu anda\nNaz Ural\u2019\u0131n kontrol edebildi\u011fi tek uzvu g\u00f6zleri.\u201d<\/p>\n\n\n\n<p>\u201cAnlamad\u0131m?\u201d<\/p>\n\n\n\n<p>Anlamam\u0131\u015ft\u0131 ger\u00e7ekten. Reha\u2019n\u0131n deh\u015fet i\u00e7erisinde kad\u0131na\nbakt\u0131\u011f\u0131n\u0131 da g\u00f6rmemi\u015fti. O ne demekti ki? Kontrol edebildi\u011fi tek uzuv\u2026<\/p>\n\n\n\n<p>Kad\u0131n Alp\u2019in \u015fok \u00f6ncesi kendisini korumaya ald\u0131\u011f\u0131n\u0131\nanl\u0131yordu. Alp duymu\u015ftu. Kelimeleri bilmi\u015fti. Sadece bilincine i\u015fleyene kadar\nzaman kazan\u0131yor, fazladan birka\u00e7 nefes al\u0131yordu. Bu y\u00fczden ba\u015fka bir a\u00e7\u0131klama\nyapmadan bekledi. Adam\u0131n y\u00fcz\u00fcnden b\u00fct\u00fcn kan\u0131n \u00e7ekilmesini\u2026 A\u011fz\u0131n\u0131n a\u00e7\u0131l\u0131p\nkapanmas\u0131n\u0131\u2026 Nefesin durmas\u0131n\u0131\u2026 G\u00f6zlerin i\u00e7indeki anlam\u0131n bo\u015falmas\u0131n\u0131 i\u00e7i\nac\u0131yarak seyretti. <\/p>\n\n\n\n<p>\u201cAma d\u00fczelecek, de\u011fil mi? \u015eu anda dedi\u011finize g\u00f6re\u2026\nge\u00e7ici bir \u015fey?\u201d<\/p>\n\n\n\n<p>Reha\u2019n\u0131n c\u0131l\u0131z sorusuna da uzunca bir s\u00fcre sessiz kald\u0131. Bundan sonra hasta yak\u0131nlar\u0131 s\u00f6ylenen c\u00fcmleyi yumu\u015fatacak, \u00f6nemsizle\u015ftirecek, d\u0131\u015flayacak \u015fekilde sorulara y\u00f6nelirlerdi. Bu, onlar\u0131n durumu kabulden \u00f6nceki son \u00e7\u0131rp\u0131n\u0131\u015flar\u0131 olurdu. \u201cT\u0131pta kesin konu\u015fmak \u00e7ok do\u011fru de\u011fil. \u0130yi bir bak\u0131mla Naz Ural\u2019\u0131n boyun b\u00f6lgesine hareket kazand\u0131r\u0131labilir sanki. Daha fazlas\u0131 i\u00e7in dua etmekten de vazge\u00e7meyin. Allah\u2019tan umut kesilmez.\u201d <\/p>\n\n\n\n<nav aria-label=\"Page navigation\" class=\"text-center\"><ul class=\"pagination pagination-sm justify-content-center\"><li class=\"page-item\"><a href=\"https:\/\/yesimcim.com\/wp\/vurucu\/vurucu-bolum-1\/\" class=\"page-link icon-link\">&laquo;<\/a><\/li><li class=\"page-item\"><a href=\"https:\/\/yesimcim.com\/wp\/vurucu\/vurucu-bolum-48\/\" class=\"page-link icon-link\">&lsaquo;<\/a><\/li><li class=\"page-item\"><a href=\"https:\/\/yesimcim.com\/wp\/vurucu\/vurucu-bolum-45\/\" class=\"page-link\">45<\/a><\/li><li class=\"page-item\"><a href=\"https:\/\/yesimcim.com\/wp\/vurucu\/vurucu-bolum-46\/\" class=\"page-link\">46<\/a><\/li><li class=\"page-item\"><a href=\"https:\/\/yesimcim.com\/wp\/vurucu\/vurucu-bolum-47\/\" class=\"page-link\">47<\/a><\/li><li class=\"page-item\"><a href=\"https:\/\/yesimcim.com\/wp\/vurucu\/vurucu-bolum-48\/\" class=\"page-link\">48<\/a><\/li><li class=\"page-item active\"><span class=\"page-link\">49<\/span><\/li><li class=\"page-item disabled\"><span class=\"page-link icon-link\">&rsaquo;<\/span><\/li><li class=\"page-item disabled\"><span class=\"page-link icon-link\">&raquo;<\/span><\/li><\/ul><\/nav>\n","protected":false},"excerpt":{"rendered":"<p>[D\u00f6rd\u00fcnc\u00fc kat] Herkes bir \u015feylerin pe\u015finde ya\u015fam\u0131n\u0131 s\u00fcrd\u00fcr\u00fcyordu. Para, seks, a\u015fk, g\u00fc\u00e7, \u015f\u00f6hret\u2026 Mutlu olanlar vard\u0131, bedbaht olanlar\u2026 Bo\u015f vermi\u015fler\u2026 Vazge\u00e7mi\u015fler\u2026 Ama hepsi de kimi kap\u0131lar\u0131n ard\u0131ndaki ger\u00e7ek duygunun ac\u0131 ve korku oldu\u011funu bilirdi. Atam \u00dcniversitesi T\u0131p Fak\u00fcltesi Hastanesi o kap\u0131lardan biriydi. \u0130\u00e7eri girenler\u2026 \u00e7\u0131kanlar\u2026 Elinde dosyalarla sa\u011fa sola ko\u015fanlar\u2026 \u00c7i\u00e7ek\u00e7iler\u2026 B\u00f6rek\u00e7iler\u2026 Ve park yerinde &hellip; <\/p>\n<p class=\"read-more\"><a class=\"readmore-btn\" href=\"https:\/\/yesimcim.com\/wp\/vurucu\/vurucu-bolum-49\/\">+<span class=\"screen-reader-text\">  Read More<\/span><\/a><\/p>\n","protected":false},"author":2,"featured_media":648,"comment_status":"open","ping_status":"closed","sticky":false,"template":"","format":"standard","meta":{"footnotes":""},"categories":[9],"tags":[],"class_list":["post-461","post","type-post","status-publish","format-standard","has-post-thumbnail","hentry","category-vurucu"],"_links":{"self":[{"href":"https:\/\/yesimcim.com\/wp\/wp-json\/wp\/v2\/posts\/461","targetHints":{"allow":["GET"]}}],"collection":[{"href":"https:\/\/yesimcim.com\/wp\/wp-json\/wp\/v2\/posts"}],"about":[{"href":"https:\/\/yesimcim.com\/wp\/wp-json\/wp\/v2\/types\/post"}],"author":[{"embeddable":true,"href":"https:\/\/yesimcim.com\/wp\/wp-json\/wp\/v2\/users\/2"}],"replies":[{"embeddable":true,"href":"https:\/\/yesimcim.com\/wp\/wp-json\/wp\/v2\/comments?post=461"}],"version-history":[{"count":1,"href":"https:\/\/yesimcim.com\/wp\/wp-json\/wp\/v2\/posts\/461\/revisions"}],"predecessor-version":[{"id":2597,"href":"https:\/\/yesimcim.com\/wp\/wp-json\/wp\/v2\/posts\/461\/revisions\/2597"}],"wp:featuredmedia":[{"embeddable":true,"href":"https:\/\/yesimcim.com\/wp\/wp-json\/"}],"wp:attachment":[{"href":"https:\/\/yesimcim.com\/wp\/wp-json\/wp\/v2\/media?parent=461"}],"wp:term":[{"taxonomy":"category","embeddable":true,"href":"https:\/\/yesimcim.com\/wp\/wp-json\/wp\/v2\/categories?post=461"},{"taxonomy":"post_tag","embeddable":true,"href":"https:\/\/yesimcim.com\/wp\/wp-json\/wp\/v2\/tags?post=461"}],"curies":[{"name":"wp","href":"https:\/\/api.w.org\/{rel}","templated":true}]}}